{"id":535,"date":"2026-08-31T09:22:00","date_gmt":"2026-08-31T15:22:00","guid":{"rendered":"https:\/\/solar983.com\/?p=535"},"modified":"2026-08-31T09:43:12","modified_gmt":"2026-08-31T15:43:12","slug":"adria-arjona-sorprende-al-mostrar-el-antes-y-despues-de-su-preparacion-para-superman","status":"publish","type":"post","link":"https:\/\/solar983.com\/?p=535","title":{"rendered":"Adria Arjona sorprende al mostrar el antes y despu\u00e9s de su preparaci\u00f3n para Superman"},"content":{"rendered":"\n<p class=\"has-medium-font-size wp-block-paragraph\">La actriz revela su transformaci\u00f3n f\u00edsica para encarnar un personaje en \u201cSuperman: Man of Tomorrow\u201d, lo que a\u00f1ade expectativas a su papel en el universo DC.<\/p>\n\n\n\n<p class=\"has-medium-font-size wp-block-paragraph\">Adria Arjona ha generado una ola de expectaci\u00f3n entre los seguidores del universo DC al insinuar un\u00a0\u00abtremendo\u00a0<a href=\"https:\/\/emisorasunidas.com\/farandula\/2026\/07\/01\/elliot-page-muestra-su-impresionante-cambio-fisico-abdomen-marcado-musculos\/\" target=\"_blank\" rel=\"noopener\">cambio f\u00edsico<\/a>\u00bb para un personaje clave en la pr\u00f3xima producci\u00f3n \u00ab<a href=\"https:\/\/emisorasunidas.com\/farandula\/2026\/04\/14\/adria-arjona-se-une-al-universo-dc-como-maxima-en-la-esperada-secuela-de-superman\/\" target=\"_blank\" rel=\"noopener\">Superman<\/a>: Man of Tomorrow<\/p>\n\n\n\n<p class=\"has-medium-font-size wp-block-paragraph\">Aunque los detalles espec\u00edficos sobre su rol y la naturaleza de esta transformaci\u00f3n se mantienen bajo estricto secreto, sus declaraciones han encendido las alarmas sobre la magnitud del compromiso que el elenco est\u00e1 asumiendo para esta esperada entrega.<\/p>\n\n\n\n<p class=\"has-medium-font-size wp-block-paragraph\">Adria Arjona, conocida por sus papeles en producciones como \u00abMorbius\u00bb, \u00abAndor\u00bb y \u00ab<a target=\"_blank\" href=\"https:\/\/emisorasunidas.com\/tag\/adria-arjona-hitman\/\" rel=\"noopener\">Hit Man<\/a>\u00ab, ha consolidado una carrera vers\u00e1til en Hollywood, demostrando su capacidad para adaptarse a diversos g\u00e9neros y personajes.<\/p>\n\n\n\n<p class=\"has-medium-font-size wp-block-paragraph\">Su incursi\u00f3n en el universo de Superman, especialmente en una fase tan crucial como la que se anticipa con \u00abMan of Tomorrow\u00bb, la posiciona en el centro de atenci\u00f3n.&nbsp;<\/p>\n\n\n\n<p class=\"has-medium-font-size wp-block-paragraph\">Oficialmente no se ha confirmado, pero cuando el pasado abril se habl\u00f3 de que particip\u00f3 en un casting junto a otras actrices, se dijo que Adria Arjona asumir\u00eda el rol de Maxima.<\/p>\n\n\n\n<p class=\"has-medium-font-size wp-block-paragraph\">Esta sexy antihero\u00edna apareci\u00f3 por primera vez en Action Comics n\u00famero 645, en 1990, creada por el guionista Roger Stern y el dibujante George P\u00e9rez.<\/p>\n\n\n\n<p class=\"has-medium-font-size wp-block-paragraph\">Es la reina guerrera del planeta Almerac, y su misi\u00f3n al llegar a la Tierra es encontrar a un compa\u00f1ero adecuado para procrear. Su mirada, r\u00e1pida y letal, se fija en Superman. Dependiendo de los diferentes n\u00fameros del comic, ha sido antagonista, aliada o una pretendiente m\u00e1s o menos rechazada del Hombre de Acero.<\/p>\n\n\n\n<figure class=\"wp-block-image size-large\"><img loading=\"lazy\" decoding=\"async\" width=\"1024\" height=\"683\" src=\"https:\/\/solar983.com\/wp-content\/uploads\/2026\/08\/image-14-1024x683.png\" alt=\"\" class=\"wp-image-536\" srcset=\"https:\/\/solar983.com\/wp-content\/uploads\/2026\/08\/image-14-1024x683.png 1024w, https:\/\/solar983.com\/wp-content\/uploads\/2026\/08\/image-14-300x200.png 300w, https:\/\/solar983.com\/wp-content\/uploads\/2026\/08\/image-14-768x512.png 768w, https:\/\/solar983.com\/wp-content\/uploads\/2026\/08\/image-14.png 1200w\" sizes=\"auto, (max-width: 1024px) 100vw, 1024px\" \/><\/figure>\n\n\n\n<h3 class=\"wp-block-heading\">Intensa preparaci\u00f3n<\/h3>\n\n\n\n<p class=\"has-medium-font-size wp-block-paragraph\">El esfuerzo f\u00edsico para codearse con el hombre de acero ha sido importante para la hija del cantante&nbsp;<a target=\"_blank\" href=\"https:\/\/emisorasunidas.com\/universo-futbol\/2026\/07\/19\/adria-ricardo-arjona-disfrutaron-final-mundial-2026\/\" rel=\"noopener\">Ricardo Arjona<\/a>. La actriz puertorrique\u00f1a lo ha contado con cierta iron\u00eda en una entrevista con Screen Rant:<\/p>\n\n\n\n<p class=\"has-medium-font-size wp-block-paragraph\"><\/p>\n","protected":false},"excerpt":{"rendered":"<p>La actriz revela su transformaci\u00f3n f\u00edsica para encarnar un personaje en \u201cSuperman: Man of Tomorrow\u201d, lo que a\u00f1ade expectativas a su papel en el universo DC. Adria Arjona ha generado una ola de expectaci\u00f3n entre los seguidores del universo DC al insinuar un\u00a0\u00abtremendo\u00a0cambio f\u00edsico\u00bb para un personaje clave en la pr\u00f3xima producci\u00f3n \u00abSuperman: Man of [&hellip;]<\/p>\n","protected":false},"author":2,"featured_media":536,"comment_status":"closed","ping_status":"","sticky":false,"template":"","format":"standard","meta":{"footnotes":"","jetpack_publicize_message":"","jetpack_publicize_feature_enabled":true,"jetpack_social_post_already_shared":true,"jetpack_social_options":{"image_generator_settings":{"template":"highway","default_image_id":0,"font":"","enabled":false},"version":2}},"categories":[1],"tags":[],"class_list":["post-535","post","type-post","status-publish","format-standard","has-post-thumbnail","hentry","category-farandula"],"jetpack_publicize_connections":[],"_links":{"self":[{"href":"https:\/\/solar983.com\/index.php?rest_route=\/wp\/v2\/posts\/535","targetHints":{"allow":["GET"]}}],"collection":[{"href":"https:\/\/solar983.com\/index.php?rest_route=\/wp\/v2\/posts"}],"about":[{"href":"https:\/\/solar983.com\/index.php?rest_route=\/wp\/v2\/types\/post"}],"author":[{"embeddable":true,"href":"https:\/\/solar983.com\/index.php?rest_route=\/wp\/v2\/users\/2"}],"replies":[{"embeddable":true,"href":"https:\/\/solar983.com\/index.php?rest_route=%2Fwp%2Fv2%2Fcomments&post=535"}],"version-history":[{"count":1,"href":"https:\/\/solar983.com\/index.php?rest_route=\/wp\/v2\/posts\/535\/revisions"}],"predecessor-version":[{"id":537,"href":"https:\/\/solar983.com\/index.php?rest_route=\/wp\/v2\/posts\/535\/revisions\/537"}],"wp:featuredmedia":[{"embeddable":true,"href":"https:\/\/solar983.com\/index.php?rest_route=\/wp\/v2\/media\/536"}],"wp:attachment":[{"href":"https:\/\/solar983.com\/index.php?rest_route=%2Fwp%2Fv2%2Fmedia&parent=535"}],"wp:term":[{"taxonomy":"category","embeddable":true,"href":"https:\/\/solar983.com\/index.php?rest_route=%2Fwp%2Fv2%2Fcategories&post=535"},{"taxonomy":"post_tag","embeddable":true,"href":"https:\/\/solar983.com\/index.php?rest_route=%2Fwp%2Fv2%2Ftags&post=535"}],"curies":[{"name":"wp","href":"https:\/\/api.w.org\/{rel}","templated":true}]}}