{"id":168,"date":"2026-02-04T10:45:00","date_gmt":"2026-02-04T16:45:00","guid":{"rendered":"https:\/\/solar983.com\/?p=168"},"modified":"2026-02-04T10:29:44","modified_gmt":"2026-02-04T16:29:44","slug":"steffany-constanza-un-canto-de-la-conexion-que-logramos-con-los-visitantes-y-entre-nosotros-la-idiosincrasia-de-un-pais-de-gentes-muy-especiales-y-alegres","status":"publish","type":"post","link":"https:\/\/solar983.com\/?p=168","title":{"rendered":"Steffany Constanza: Un canto de la conexi\u00f3n que logramos con los visitantes y entre nosotros, la idiosincrasia de un pa\u00eds de gentes muy especiales y alegres."},"content":{"rendered":"\n<figure class=\"wp-block-image size-large\"><img loading=\"lazy\" decoding=\"async\" width=\"611\" height=\"1024\" src=\"https:\/\/solar983.com\/wp-content\/uploads\/2026\/02\/1005524691-611x1024.jpg\" alt=\"\" class=\"wp-image-169\" srcset=\"https:\/\/solar983.com\/wp-content\/uploads\/2026\/02\/1005524691-611x1024.jpg 611w, https:\/\/solar983.com\/wp-content\/uploads\/2026\/02\/1005524691-179x300.jpg 179w, https:\/\/solar983.com\/wp-content\/uploads\/2026\/02\/1005524691-768x1288.jpg 768w, https:\/\/solar983.com\/wp-content\/uploads\/2026\/02\/1005524691-916x1536.jpg 916w, https:\/\/solar983.com\/wp-content\/uploads\/2026\/02\/1005524691.jpg 1080w\" sizes=\"auto, (max-width: 611px) 100vw, 611px\" \/><\/figure>\n\n\n\n<p>Un Merengue con melod\u00edas que contagian y abrazan a los habitantes del planeta.&nbsp;<\/p>\n\n\n\n<p>El Cigarrillo de Steffany Constanza se estrena en Solar 98.3 Conquistando el Oriente de Guatemala. <\/p>\n\n\n\n<p><\/p>\n\n\n\n<p>SANTO DOMINGO.<\/p>\n\n\n\n<p>Con la frescura de quien baja de la monta\u00f1a para sembrar nuevas melod\u00edas en el coraz\u00f3n del pueblo, la joven artista Steffany Constanza anuncia el lanzamiento de su m\u00e1s reciente sencillo titulado \u00abOrgullosa de ser Dominicana\u00bb.&nbsp;<\/p>\n\n\n\n<p>Esta produccion no solo celebra las bellezas de nuestra tierra, sino que marca la evoluci\u00f3n de una carrera forjada con entrega y un profundo amor por la cultura, garantizando el futuro del merengue con un trabajo de alta calidad que est\u00e1 haciendo camino al andar, desarrollando su propio estilo y haciendose sentir a nivel nacional e internacional.<\/p>\n\n\n\n<figure class=\"wp-block-image size-large\"><img loading=\"lazy\" decoding=\"async\" width=\"1024\" height=\"682\" src=\"https:\/\/solar983.com\/wp-content\/uploads\/2026\/02\/1005524644-1024x682.jpg\" alt=\"\" class=\"wp-image-170\" srcset=\"https:\/\/solar983.com\/wp-content\/uploads\/2026\/02\/1005524644-1024x682.jpg 1024w, https:\/\/solar983.com\/wp-content\/uploads\/2026\/02\/1005524644-300x200.jpg 300w, https:\/\/solar983.com\/wp-content\/uploads\/2026\/02\/1005524644-768x512.jpg 768w, https:\/\/solar983.com\/wp-content\/uploads\/2026\/02\/1005524644.jpg 1280w\" sizes=\"auto, (max-width: 1024px) 100vw, 1024px\" \/><\/figure>\n\n\n\n<p>El reci\u00e9n pasado a\u00f1o represent\u00f3 un avance de cosechas extraordinarias para la artista, quien logr\u00f3 posicionar tres canciones en el primer lugar en mercados hermanos como Guatemala, Honduras y El Salvador.<\/p>\n\n\n\n<p>Su conexi\u00f3n con las multitudes fue contundente, realizando m\u00e1s de 75 conciertos donde recibi\u00f3 el aplauso y la energ\u00eda de m\u00e1s de un mill\u00f3n de personas que disfrutaron de su talento en directo. Este impacto se tradujo en importantes respaldos, destac\u00e1ndose el reconocimiento otorgado a unanimidad por todas las organizaciones y las familias que residen en Ciudad Juan Bosch, representando el sentir de m\u00e1s de 60 mil personas que valoraron su arte.<\/p>\n\n\n\n<figure class=\"wp-block-image size-large\"><img loading=\"lazy\" decoding=\"async\" width=\"595\" height=\"1024\" src=\"https:\/\/solar983.com\/wp-content\/uploads\/2026\/02\/1005524673-595x1024.jpg\" alt=\"\" class=\"wp-image-171\" srcset=\"https:\/\/solar983.com\/wp-content\/uploads\/2026\/02\/1005524673-595x1024.jpg 595w, https:\/\/solar983.com\/wp-content\/uploads\/2026\/02\/1005524673-174x300.jpg 174w, https:\/\/solar983.com\/wp-content\/uploads\/2026\/02\/1005524673-768x1322.jpg 768w, https:\/\/solar983.com\/wp-content\/uploads\/2026\/02\/1005524673-892x1536.jpg 892w, https:\/\/solar983.com\/wp-content\/uploads\/2026\/02\/1005524673.jpg 1080w\" sizes=\"auto, (max-width: 595px) 100vw, 595px\" \/><\/figure>\n\n\n\n<p>Asimismo, el compromiso de Steffany con sus ra\u00edces fue honrado en su amada ciudad de Constanza, donde la Alcald\u00eda local la reconoci\u00f3 por su talento, sus valiosos aportes y la brillante carrera que desarrolla con dignidad.&nbsp;<\/p>\n\n\n\n<p>En ese mismo orden, el senador de la provincia de La Vega, Ram\u00f3n Rogelio Genao, la distingui\u00f3 como un talento de alta calidad y una promotora tur\u00edstica de alcance internacional, reafirmando el valor de su propuesta musical para la proyecci\u00f3n de los valores dominicanos.<\/p>\n\n\n\n<p>Tras alcanzar la posici\u00f3n cimera con \u00e9xitos como \u00abDejemos que pase\u00bb, \u00abEl cigarrillo\u00bb y \u00abYo lo que quiero es gozarte mi navidad\u00bb, Steffany inicia este a\u00f1o con \u00abOrgullosa de ser Dominicana\u00bb. Este merengue moderno y alegre es un grito de felicidad por las cualidades que nos caracterizan como un punto luminoso en el Caribe. Bajo la direcci\u00f3n del creativo arreglista y ganador del Grammy, Mois\u00e9s S\u00e1nchez, la producci\u00f3n conecta las inquietudes art\u00edsticas de la int\u00e9rprete con la visi\u00f3n de su productor Luis Medrano, logrando una evoluci\u00f3n r\u00edtmica de aporte para un merengue fresco y bien cantado.<\/p>\n\n\n\n<figure class=\"wp-block-image size-full\"><img loading=\"lazy\" decoding=\"async\" width=\"1022\" height=\"991\" src=\"https:\/\/solar983.com\/wp-content\/uploads\/2026\/02\/Picsart_26-02-01_14-01-03-5352.jpg\" alt=\"\" class=\"wp-image-174\" srcset=\"https:\/\/solar983.com\/wp-content\/uploads\/2026\/02\/Picsart_26-02-01_14-01-03-5352.jpg 1022w, https:\/\/solar983.com\/wp-content\/uploads\/2026\/02\/Picsart_26-02-01_14-01-03-5352-300x291.jpg 300w, https:\/\/solar983.com\/wp-content\/uploads\/2026\/02\/Picsart_26-02-01_14-01-03-5352-768x745.jpg 768w\" sizes=\"auto, (max-width: 1022px) 100vw, 1022px\" \/><figcaption class=\"wp-element-caption\">{\u00abremix_data\u00bb:[],\u00bbremix_entry_point\u00bb:\u00bbchallenges\u00bb,\u00bbsource_tags\u00bb:[],\u00bborigin\u00bb:\u00bbunknown\u00bb,\u00bbtotal_draw_time\u00bb:0,\u00bbtotal_draw_actions\u00bb:0,\u00bblayers_used\u00bb:0,\u00bbbrushes_used\u00bb:0,\u00bbphotos_added\u00bb:0,\u00bbtotal_editor_actions\u00bb:{},\u00bbtools_used\u00bb:{\u00abtransform\u00bb:1},\u00bbis_sticker\u00bb:false,\u00bbedited_since_last_sticker_save\u00bb:true,\u00bbcontainsFTESticker\u00bb:false}<\/figcaption><\/figure>\n\n\n\n<p>Esta apuesta patri\u00f3tica, compuesta por Luis Medrano y Steffany Constanza, es una invitaci\u00f3n a la alegr\u00eda y al orgullo nacional, pensada especialmente para los dominicanos que residen fuera y los que trabajan d\u00eda a d\u00eda en la isla. La \u00abtrigue\u00f1a de la monta\u00f1a\u00bb demuestra una vez m\u00e1s sus grandes cualidades vocales en este canto de pasi\u00f3n que ya se encuentra disponible en todas las plataformas digitales, reafirmando que su m\u00fasica es un puente de uni\u00f3n para todos los hijos de la naci\u00f3n Quisqueyana.<\/p>\n\n\n\n<figure class=\"wp-block-image size-large\"><img loading=\"lazy\" decoding=\"async\" width=\"661\" height=\"1024\" src=\"https:\/\/solar983.com\/wp-content\/uploads\/2026\/02\/1005524702-661x1024.jpg\" alt=\"\" class=\"wp-image-173\" srcset=\"https:\/\/solar983.com\/wp-content\/uploads\/2026\/02\/1005524702-661x1024.jpg 661w, https:\/\/solar983.com\/wp-content\/uploads\/2026\/02\/1005524702-194x300.jpg 194w, https:\/\/solar983.com\/wp-content\/uploads\/2026\/02\/1005524702-768x1189.jpg 768w, https:\/\/solar983.com\/wp-content\/uploads\/2026\/02\/1005524702-992x1536.jpg 992w, https:\/\/solar983.com\/wp-content\/uploads\/2026\/02\/1005524702.jpg 1080w\" sizes=\"auto, (max-width: 661px) 100vw, 661px\" \/><\/figure>\n\n\n\n<p><\/p>\n","protected":false},"excerpt":{"rendered":"<p>Un Merengue con melod\u00edas que contagian y abrazan a los habitantes del planeta.&nbsp; El Cigarrillo de Steffany Constanza se estrena en Solar 98.3 Conquistando el Oriente de Guatemala. SANTO DOMINGO. Con la frescura de quien baja de la monta\u00f1a para sembrar nuevas melod\u00edas en el coraz\u00f3n del pueblo, la joven artista Steffany Constanza anuncia el [&hellip;]<\/p>\n","protected":false},"author":2,"featured_media":175,"comment_status":"open","ping_status":"","sticky":false,"template":"","format":"standard","meta":{"footnotes":"","jetpack_publicize_message":"","jetpack_publicize_feature_enabled":true,"jetpack_social_post_already_shared":true,"jetpack_social_options":{"image_generator_settings":{"template":"highway","default_image_id":0,"font":"","enabled":false},"version":2}},"categories":[1],"tags":[],"class_list":["post-168","post","type-post","status-publish","format-standard","has-post-thumbnail","hentry","category-farandula"],"jetpack_publicize_connections":[],"_links":{"self":[{"href":"https:\/\/solar983.com\/index.php?rest_route=\/wp\/v2\/posts\/168","targetHints":{"allow":["GET"]}}],"collection":[{"href":"https:\/\/solar983.com\/index.php?rest_route=\/wp\/v2\/posts"}],"about":[{"href":"https:\/\/solar983.com\/index.php?rest_route=\/wp\/v2\/types\/post"}],"author":[{"embeddable":true,"href":"https:\/\/solar983.com\/index.php?rest_route=\/wp\/v2\/users\/2"}],"replies":[{"embeddable":true,"href":"https:\/\/solar983.com\/index.php?rest_route=%2Fwp%2Fv2%2Fcomments&post=168"}],"version-history":[{"count":1,"href":"https:\/\/solar983.com\/index.php?rest_route=\/wp\/v2\/posts\/168\/revisions"}],"predecessor-version":[{"id":176,"href":"https:\/\/solar983.com\/index.php?rest_route=\/wp\/v2\/posts\/168\/revisions\/176"}],"wp:featuredmedia":[{"embeddable":true,"href":"https:\/\/solar983.com\/index.php?rest_route=\/wp\/v2\/media\/175"}],"wp:attachment":[{"href":"https:\/\/solar983.com\/index.php?rest_route=%2Fwp%2Fv2%2Fmedia&parent=168"}],"wp:term":[{"taxonomy":"category","embeddable":true,"href":"https:\/\/solar983.com\/index.php?rest_route=%2Fwp%2Fv2%2Fcategories&post=168"},{"taxonomy":"post_tag","embeddable":true,"href":"https:\/\/solar983.com\/index.php?rest_route=%2Fwp%2Fv2%2Ftags&post=168"}],"curies":[{"name":"wp","href":"https:\/\/api.w.org\/{rel}","templated":true}]}}