{"id":137,"date":"2025-10-23T10:10:00","date_gmt":"2025-10-23T16:10:00","guid":{"rendered":"https:\/\/solar983.com\/?p=137"},"modified":"2025-10-23T07:18:52","modified_gmt":"2025-10-23T13:18:52","slug":"shakira-y-ed-sheeran-graban-hips-dont-lie","status":"publish","type":"post","link":"https:\/\/solar983.com\/?p=137","title":{"rendered":"Shakira y Ed Sheeran graban \u201cHips Don\u2019t Lie\u201d"},"content":{"rendered":"\n<p id=\"block-5b729921-b1ed-4172-8d9b-90a245af63c6\">La cantante revive sus \u00e1lbumes \u201cPies descalzos\u201d y \u201cFijaci\u00f3n Oral\u201d con nuevas versiones y colaboraciones especiales.<\/p>\n\n\n\n<figure class=\"wp-block-image size-large\"><img loading=\"lazy\" decoding=\"async\" width=\"1024\" height=\"683\" src=\"https:\/\/solar983.com\/wp-content\/uploads\/2025\/10\/SHAKIRA-1024x683.avif\" alt=\"\" class=\"wp-image-138\" srcset=\"https:\/\/solar983.com\/wp-content\/uploads\/2025\/10\/SHAKIRA-1024x683.avif 1024w, https:\/\/solar983.com\/wp-content\/uploads\/2025\/10\/SHAKIRA-300x200.avif 300w, https:\/\/solar983.com\/wp-content\/uploads\/2025\/10\/SHAKIRA-768x512.avif 768w, https:\/\/solar983.com\/wp-content\/uploads\/2025\/10\/SHAKIRA.avif 1200w\" sizes=\"auto, (max-width: 1024px) 100vw, 1024px\" \/><\/figure>\n\n\n\n<p>Shakira comparte historias in\u00e9ditas en&nbsp;<strong>Spotify Anniversary<\/strong>&nbsp;sobre \u201cFijaci\u00f3n Oral\u201d y \u201cPies descalzos\u201d dos de sus \u00e1lbumes con mayor impacto en la industria, los cuales, cada uno en su momento, la catapultaron a ser una de las artistas m\u00e1s queridas.<\/p>\n\n\n\n<p>Hace 30 a\u00f1os, la colombiana lanz\u00f3&nbsp;<strong>\u201cPies Descalzos\u201d,<\/strong>&nbsp;un \u00e1lbum que le abri\u00f3 las puertas a Latinoam\u00e9rica gracias a temas como \u201cEstoy aqu\u00ed\u201d, \u201c\u00bfD\u00f3nde est\u00e1s coraz\u00f3n?\u201d y \u201cAntolog\u00eda\u201d.<\/p>\n\n\n\n<p>Una d\u00e9cada m\u00e1s tarde, lanz\u00f3 \u201cFijaci\u00f3n Oral, Vol. 1\u201d y \u201cOral Fixation Vol. 2\u201d, dos \u00e1lbumes que llegaron tras la internacionalizaci\u00f3n, uno en ingl\u00e9s y otro en espa\u00f1ol, demostrando la universalidad y el atractivo global de la cantante.<\/p>\n\n\n\n<p>De las producciones se desprenden \u00e9xitos como \u201cLa Tortura\u201d con Alejandro Sanz, \u201cD\u00eda de Enero\u201d, \u201cLas de la Intuici\u00f3n\u201d y \u201cHips Don\u2019t Lie\u201d.<\/p>\n\n\n\n<p>La primera entrega le dio a Shakira su&nbsp;<strong>tercer Grammy por la categor\u00eda de \u201cMejor \u00c1lbum de Rock\/Alternativo Latino\u201d<\/strong>&nbsp;y en la versi\u00f3n latina del gram\u00f3fono recibi\u00f3 cuatro premios: \u00c1lbum del A\u00f1o, Canci\u00f3n y Grabaci\u00f3n del A\u00f1o por \u201cLa Tortura\u201d y Mejor \u00c1lbum de Pop Vocal Femenino.<\/p>\n\n\n\n<p><\/p>\n","protected":false},"excerpt":{"rendered":"<p>La cantante revive sus \u00e1lbumes \u201cPies descalzos\u201d y \u201cFijaci\u00f3n Oral\u201d con nuevas versiones y colaboraciones especiales. Shakira comparte historias in\u00e9ditas en&nbsp;Spotify Anniversary&nbsp;sobre \u201cFijaci\u00f3n Oral\u201d y \u201cPies descalzos\u201d dos de sus \u00e1lbumes con mayor impacto en la industria, los cuales, cada uno en su momento, la catapultaron a ser una de las artistas m\u00e1s queridas. Hace [&hellip;]<\/p>\n","protected":false},"author":2,"featured_media":139,"comment_status":"closed","ping_status":"open","sticky":false,"template":"","format":"standard","meta":{"footnotes":"","jetpack_publicize_message":"","jetpack_publicize_feature_enabled":true,"jetpack_social_post_already_shared":true,"jetpack_social_options":{"image_generator_settings":{"template":"highway","default_image_id":0,"font":"","enabled":false},"version":2}},"categories":[1],"tags":[],"class_list":["post-137","post","type-post","status-publish","format-standard","has-post-thumbnail","hentry","category-farandula"],"jetpack_publicize_connections":[],"_links":{"self":[{"href":"https:\/\/solar983.com\/index.php?rest_route=\/wp\/v2\/posts\/137","targetHints":{"allow":["GET"]}}],"collection":[{"href":"https:\/\/solar983.com\/index.php?rest_route=\/wp\/v2\/posts"}],"about":[{"href":"https:\/\/solar983.com\/index.php?rest_route=\/wp\/v2\/types\/post"}],"author":[{"embeddable":true,"href":"https:\/\/solar983.com\/index.php?rest_route=\/wp\/v2\/users\/2"}],"replies":[{"embeddable":true,"href":"https:\/\/solar983.com\/index.php?rest_route=%2Fwp%2Fv2%2Fcomments&post=137"}],"version-history":[{"count":1,"href":"https:\/\/solar983.com\/index.php?rest_route=\/wp\/v2\/posts\/137\/revisions"}],"predecessor-version":[{"id":140,"href":"https:\/\/solar983.com\/index.php?rest_route=\/wp\/v2\/posts\/137\/revisions\/140"}],"wp:featuredmedia":[{"embeddable":true,"href":"https:\/\/solar983.com\/index.php?rest_route=\/wp\/v2\/media\/139"}],"wp:attachment":[{"href":"https:\/\/solar983.com\/index.php?rest_route=%2Fwp%2Fv2%2Fmedia&parent=137"}],"wp:term":[{"taxonomy":"category","embeddable":true,"href":"https:\/\/solar983.com\/index.php?rest_route=%2Fwp%2Fv2%2Fcategories&post=137"},{"taxonomy":"post_tag","embeddable":true,"href":"https:\/\/solar983.com\/index.php?rest_route=%2Fwp%2Fv2%2Ftags&post=137"}],"curies":[{"name":"wp","href":"https:\/\/api.w.org\/{rel}","templated":true}]}}